{"id":995,"date":"2024-09-15T18:07:44","date_gmt":"2024-09-15T16:07:44","guid":{"rendered":"http:\/\/repaircafemainz.org\/?p=995"},"modified":"2024-09-15T18:11:47","modified_gmt":"2024-09-15T16:11:47","slug":"naechster-termin-am-27-september-2024","status":"publish","type":"post","link":"https:\/\/repaircafemainz.org\/?p=995","title":{"rendered":"N\u00e4chster Termin am 27. September 2024"},"content":{"rendered":"\n<p><\/p>\n\n\n\n<p><\/p>\n\n\n\n<p class=\"has-large-font-size\"><\/p>\n\n\n\n<p class=\"has-large-font-size\">Wir reparieren wieder:<br><strong>Und zwar am Freitag, dem 27. September, wie immer ab 18:00 Uhr in der Windm\u00fchlenschule in Mainz.<\/strong><\/p>\n\n\n\n<p class=\"has-large-font-size\">Wie gewohnt bieten wir am letzten Freitag des Monats ein Treffen in der Windm\u00fchlenschule an, bei dem gemeinsam von 18:00 Uhr bis 20:30 Uhr Reparaturen vorgenommen werden k\u00f6nnen. <\/p>\n\n\n\n<p class=\"has-large-font-size\">Adresse: Generaloberst-Beck-Stra\u00dfe 1, 55129 Mainz<\/p>\n\n\n\n<p class=\"has-large-font-size\">Eine Anmeldung zu unseren Reparaturterminen ist <strong>NICHT <\/strong>n\u00f6tig! Kommt gerne einfach vorbei.<\/p>\n\n\n\n<p class=\"has-large-font-size\">Bitte beachtet, dass pro Reparaturtermin nur ein Gegenstand pro Besucher repariert werden kann! <\/p>\n\n\n\n<p class=\"has-large-font-size\"><mark style=\"background-color:#6d6d6d\" class=\"has-inline-color has-background-color\">Au\u00dferdem gibt es ein paar<strong> Dinge, die von einer Reparatur ausgeschlossen sind:<\/strong><br>\u2013 Gro\u00dfger\u00e4te wie Backofen oder Sp\u00fclmaschine<br>\u2013 CD- und DVD Player<br>\u2013 Kaffeevollautomaten<br>\u2013 Fernseher<br>\u2013 Mikrowellen<\/mark><\/p>\n\n\n\n<p class=\"has-large-font-size\">Werft gerne auch einen Blick in unsere &#8222;<a href=\"http:\/\/repaircafemainz.org\/?page_id=743\">H\u00e4ufig gestellten Fragen<\/a>&#8220; &#8211; da findet ihr viele weitere Antworten.<\/p>\n\n\n\n<p class=\"has-large-font-size\">Wir freuen uns auf euch und das gemeinsame Reparieren!<\/p>\n\n\n\n<p><\/p>\n\n\n\n<p class=\"has-normal-font-size\"><\/p>\n","protected":false},"excerpt":{"rendered":"<p>N\u00e4chstes Repair Caf\u00e9 am<br \/>\n27. September 2024<\/p>\n","protected":false},"author":1,"featured_media":996,"comment_status":"closed","ping_status":"open","sticky":false,"template":"","format":"standard","meta":{"footnotes":""},"categories":[5,3],"tags":[],"class_list":["post-995","post","type-post","status-publish","format-standard","has-post-thumbnail","hentry","category-aktuelles","category-termine"],"_links":{"self":[{"href":"https:\/\/repaircafemainz.org\/index.php?rest_route=\/wp\/v2\/posts\/995","targetHints":{"allow":["GET"]}}],"collection":[{"href":"https:\/\/repaircafemainz.org\/index.php?rest_route=\/wp\/v2\/posts"}],"about":[{"href":"https:\/\/repaircafemainz.org\/index.php?rest_route=\/wp\/v2\/types\/post"}],"author":[{"embeddable":true,"href":"https:\/\/repaircafemainz.org\/index.php?rest_route=\/wp\/v2\/users\/1"}],"replies":[{"embeddable":true,"href":"https:\/\/repaircafemainz.org\/index.php?rest_route=%2Fwp%2Fv2%2Fcomments&post=995"}],"version-history":[{"count":3,"href":"https:\/\/repaircafemainz.org\/index.php?rest_route=\/wp\/v2\/posts\/995\/revisions"}],"predecessor-version":[{"id":999,"href":"https:\/\/repaircafemainz.org\/index.php?rest_route=\/wp\/v2\/posts\/995\/revisions\/999"}],"wp:featuredmedia":[{"embeddable":true,"href":"https:\/\/repaircafemainz.org\/index.php?rest_route=\/wp\/v2\/media\/996"}],"wp:attachment":[{"href":"https:\/\/repaircafemainz.org\/index.php?rest_route=%2Fwp%2Fv2%2Fmedia&parent=995"}],"wp:term":[{"taxonomy":"category","embeddable":true,"href":"https:\/\/repaircafemainz.org\/index.php?rest_route=%2Fwp%2Fv2%2Fcategories&post=995"},{"taxonomy":"post_tag","embeddable":true,"href":"https:\/\/repaircafemainz.org\/index.php?rest_route=%2Fwp%2Fv2%2Ftags&post=995"}],"curies":[{"name":"wp","href":"https:\/\/api.w.org\/{rel}","templated":true}]}}