{"id":979,"date":"2024-06-03T09:25:56","date_gmt":"2024-06-03T07:25:56","guid":{"rendered":"http:\/\/repaircafemainz.org\/?p=979"},"modified":"2024-06-03T09:27:27","modified_gmt":"2024-06-03T07:27:27","slug":"zwei-termine-im-juni-2024","status":"publish","type":"post","link":"https:\/\/repaircafemainz.org\/?p=979","title":{"rendered":"Zwei Termine im Juni 2024"},"content":{"rendered":"\n<p><\/p>\n\n\n\n<p class=\"has-large-font-size\">Wir reparieren wieder &#8211; und zwar im Juni gleich zwei mal!<\/p>\n\n\n\n<p class=\"has-large-font-size\"><strong>Am Mittwoch, 12. Juni<\/strong> reparieren wir von 16:00 Uhr bis 19:00 Uhr im <strong><a href=\"https:\/\/zmo-mainz.de\/\">ZMO Mainz<\/a><\/strong> <br>(Karl-Z\u00f6rgiebel-Stra\u00dfe 2, 55128 Mainz). <\/p>\n\n\n\n<p class=\"has-large-font-size\"><strong>Am Freitag, 28. Juni <\/strong>reparieren wir wie gewohnt wieder von 18:00 Uhr bis 20:30 Uhr in der <strong>Windm\u00fchlenschule <\/strong>in Mainz (Generaloberst-Beck-Stra\u00dfe 1, 55129 Mainz).<\/p>\n\n\n\n<p class=\"has-large-font-size\">Eine Anmeldung zu unseren Reparaturterminen ist <strong>NICHT <\/strong>n\u00f6tig! Kommt gerne einfach vorbei.<\/p>\n\n\n\n<p class=\"has-large-font-size\">Bitte beachtet, dass pro Reparaturtermin nur ein Gegenstand pro Besucher repariert werden kann! <\/p>\n\n\n\n<p class=\"has-large-font-size\"><mark style=\"background-color:#cd2653\" class=\"has-inline-color has-background-color\">Au\u00dferdem gibt es ein paar<strong> Dinge, die von einer Reparatur ausgeschlossen sind:<\/strong> <br>\u2013 Gro\u00dfger\u00e4te wie Backofen oder Sp\u00fclmaschine <br>\u2013 CD- und DVD Player <br>\u2013 Kaffeevollautomaten <br>\u2013 Fernseher <br>\u2013 Mikrowellen<\/mark> <\/p>\n\n\n\n<p class=\"has-large-font-size\">Werft gerne auch einen Blick in unsere &#8222;<a href=\"http:\/\/repaircafemainz.org\/?page_id=743\">H\u00e4ufig gestellten Fragen<\/a>&#8220; &#8211; da findet ihr viele weitere Antworten.<\/p>\n\n\n\n<p class=\"has-large-font-size\">Wir freuen uns auf euch und das gemeinsame Reparieren!<\/p>\n\n\n\n<p><\/p>\n\n\n\n<p class=\"has-normal-font-size\"><\/p>\n","protected":false},"excerpt":{"rendered":"<p>Termine am 12. und 28. Juni 2024<\/p>\n","protected":false},"author":2,"featured_media":981,"comment_status":"closed","ping_status":"open","sticky":false,"template":"","format":"standard","meta":{"footnotes":""},"categories":[5,3],"tags":[],"class_list":["post-979","post","type-post","status-publish","format-standard","has-post-thumbnail","hentry","category-aktuelles","category-termine"],"_links":{"self":[{"href":"https:\/\/repaircafemainz.org\/index.php?rest_route=\/wp\/v2\/posts\/979","targetHints":{"allow":["GET"]}}],"collection":[{"href":"https:\/\/repaircafemainz.org\/index.php?rest_route=\/wp\/v2\/posts"}],"about":[{"href":"https:\/\/repaircafemainz.org\/index.php?rest_route=\/wp\/v2\/types\/post"}],"author":[{"embeddable":true,"href":"https:\/\/repaircafemainz.org\/index.php?rest_route=\/wp\/v2\/users\/2"}],"replies":[{"embeddable":true,"href":"https:\/\/repaircafemainz.org\/index.php?rest_route=%2Fwp%2Fv2%2Fcomments&post=979"}],"version-history":[{"count":3,"href":"https:\/\/repaircafemainz.org\/index.php?rest_route=\/wp\/v2\/posts\/979\/revisions"}],"predecessor-version":[{"id":983,"href":"https:\/\/repaircafemainz.org\/index.php?rest_route=\/wp\/v2\/posts\/979\/revisions\/983"}],"wp:featuredmedia":[{"embeddable":true,"href":"https:\/\/repaircafemainz.org\/index.php?rest_route=\/wp\/v2\/media\/981"}],"wp:attachment":[{"href":"https:\/\/repaircafemainz.org\/index.php?rest_route=%2Fwp%2Fv2%2Fmedia&parent=979"}],"wp:term":[{"taxonomy":"category","embeddable":true,"href":"https:\/\/repaircafemainz.org\/index.php?rest_route=%2Fwp%2Fv2%2Fcategories&post=979"},{"taxonomy":"post_tag","embeddable":true,"href":"https:\/\/repaircafemainz.org\/index.php?rest_route=%2Fwp%2Fv2%2Ftags&post=979"}],"curies":[{"name":"wp","href":"https:\/\/api.w.org\/{rel}","templated":true}]}}