{"id":929,"date":"2023-12-08T13:21:54","date_gmt":"2023-12-08T12:21:54","guid":{"rendered":"http:\/\/repaircafemainz.org\/?p=929"},"modified":"2024-01-26T10:22:56","modified_gmt":"2024-01-26T09:22:56","slug":"naechster-termin-am-26-januar-2024","status":"publish","type":"post","link":"https:\/\/repaircafemainz.org\/?p=929","title":{"rendered":"N\u00e4chster Termin am 26. Januar 2024"},"content":{"rendered":"\n<p class=\"has-large-font-size\">UPDATE: Der Kleidertausch und auch der 3D-Druck fallen heute (26.01.24) leider aus.<\/p>\n\n\n\n<p><\/p>\n\n\n\n<p class=\"has-large-font-size\">Auch im neuen Jahr reparieren wir nat\u00fcrlich wieder:<br><strong>Und zwar am Freitag, dem 26. Januar, wie immer ab 18:00 Uhr in der Windm\u00fchlenschule in Mainz.<\/strong> <\/p>\n\n\n\n<p class=\"has-large-font-size\">Wie gewohnt bieten wir am letzten Freitag des Monats ein Treffen in der Windm\u00fchlenschule an, bei dem gemeinsam von 18:00 Uhr bis 20:30 Uhr Reparaturen vorgenommen werden k\u00f6nnen. <\/p>\n\n\n\n<p class=\"has-large-font-size\">Adresse: Generaloberst-Beck-Stra\u00dfe 1, 55129 Mainz<\/p>\n\n\n\n<p class=\"has-large-font-size\">Eine Anmeldung zu unseren Reparaturterminen ist <strong>NICHT <\/strong>n\u00f6tig! Kommt gerne einfach vorbei.<\/p>\n\n\n\n<p class=\"has-large-font-size\">Bitte beachtet, dass pro Reparaturtermin nur ein Gegenstand pro Besucher repariert werden kann! <\/p>\n\n\n\n<p class=\"has-large-font-size\">Au\u00dferdem gibt es ein <strong>paar Dinge, die von einer Reparatur ausgeschlossen sind:<\/strong><br>\u2013 Gro\u00dfger\u00e4te wie Backofen oder Sp\u00fclmaschine<br>\u2013 CD- und DVD Player<br>\u2013 Kaffeevollautomaten<br>\u2013 Fernseher<br>\u2013 Mikrowellen<\/p>\n\n\n\n<p class=\"has-large-font-size\">Werft gerne auch einen Blick in unsere &#8222;<a href=\"http:\/\/repaircafemainz.org\/?page_id=743\">H\u00e4ufig gestellten Fragen<\/a>&#8220; &#8211; da findet ihr viele weitere Antworten.<\/p>\n\n\n\n<p class=\"has-large-font-size\">Wir freuen uns auf euch und das gemeinsame Reparieren!<\/p>\n\n\n\n<p><\/p>\n\n\n\n<p class=\"has-normal-font-size\"><\/p>\n","protected":false},"excerpt":{"rendered":"<p>N\u00e4chstes Repair Caf\u00e9 am<br \/>\n26. Januar 2024<\/p>\n","protected":false},"author":2,"featured_media":930,"comment_status":"closed","ping_status":"open","sticky":false,"template":"","format":"standard","meta":{"footnotes":""},"categories":[5,3],"tags":[],"class_list":["post-929","post","type-post","status-publish","format-standard","has-post-thumbnail","hentry","category-aktuelles","category-termine"],"_links":{"self":[{"href":"https:\/\/repaircafemainz.org\/index.php?rest_route=\/wp\/v2\/posts\/929","targetHints":{"allow":["GET"]}}],"collection":[{"href":"https:\/\/repaircafemainz.org\/index.php?rest_route=\/wp\/v2\/posts"}],"about":[{"href":"https:\/\/repaircafemainz.org\/index.php?rest_route=\/wp\/v2\/types\/post"}],"author":[{"embeddable":true,"href":"https:\/\/repaircafemainz.org\/index.php?rest_route=\/wp\/v2\/users\/2"}],"replies":[{"embeddable":true,"href":"https:\/\/repaircafemainz.org\/index.php?rest_route=%2Fwp%2Fv2%2Fcomments&post=929"}],"version-history":[{"count":4,"href":"https:\/\/repaircafemainz.org\/index.php?rest_route=\/wp\/v2\/posts\/929\/revisions"}],"predecessor-version":[{"id":936,"href":"https:\/\/repaircafemainz.org\/index.php?rest_route=\/wp\/v2\/posts\/929\/revisions\/936"}],"wp:featuredmedia":[{"embeddable":true,"href":"https:\/\/repaircafemainz.org\/index.php?rest_route=\/wp\/v2\/media\/930"}],"wp:attachment":[{"href":"https:\/\/repaircafemainz.org\/index.php?rest_route=%2Fwp%2Fv2%2Fmedia&parent=929"}],"wp:term":[{"taxonomy":"category","embeddable":true,"href":"https:\/\/repaircafemainz.org\/index.php?rest_route=%2Fwp%2Fv2%2Fcategories&post=929"},{"taxonomy":"post_tag","embeddable":true,"href":"https:\/\/repaircafemainz.org\/index.php?rest_route=%2Fwp%2Fv2%2Ftags&post=929"}],"curies":[{"name":"wp","href":"https:\/\/api.w.org\/{rel}","templated":true}]}}