{"id":785,"date":"2023-03-01T13:53:53","date_gmt":"2023-03-01T12:53:53","guid":{"rendered":"http:\/\/repaircafemainz.org\/?p=785"},"modified":"2023-03-01T13:53:53","modified_gmt":"2023-03-01T12:53:53","slug":"naechster-termin-am-31-maerz-2023","status":"publish","type":"post","link":"https:\/\/repaircafemainz.org\/?p=785","title":{"rendered":"N\u00e4chster Termin am 31. M\u00e4rz 2023"},"content":{"rendered":"\n<p class=\"has-large-font-size\">Wir reparieren wieder:<br><strong>Und zwar am Freitag, dem 31. M\u00e4rz, wie immer ab 18:00 Uhr in der Windm\u00fchlenschule in Mainz.<\/strong> <\/p>\n\n\n\n<p class=\"has-large-font-size\">Wie gewohnt bieten wir am letzten Freitag des Monats ein Treffen in der Windm\u00fchlenschule an, bei dem gemeinsam von 18:00 Uhr bis 20:30 Uhr Reparaturen vorgenommen werden k\u00f6nnen. Auch unser Kleidertausch ist an diesem Termin wieder ge\u00f6ffnet!<\/p>\n\n\n\n<p class=\"has-large-font-size\">Eine Anmeldung zu unseren Reparaturterminen ist <strong>NICHT <\/strong>n\u00f6tig! Kommt gerne einfach vorbei.<\/p>\n\n\n\n<p class=\"has-large-font-size\">Wir freuen uns auf euch und das gemeinsame Reparieren!<\/p>\n\n\n\n<p><\/p>\n\n\n\n<p class=\"has-normal-font-size\"><\/p>\n","protected":false},"excerpt":{"rendered":"<p>N\u00e4chstes Repair Caf\u00e9 am<br \/>\n31. M\u00e4rz 2023<\/p>\n","protected":false},"author":2,"featured_media":786,"comment_status":"closed","ping_status":"open","sticky":false,"template":"","format":"standard","meta":{"footnotes":""},"categories":[5,3],"tags":[],"class_list":["post-785","post","type-post","status-publish","format-standard","has-post-thumbnail","hentry","category-aktuelles","category-termine"],"_links":{"self":[{"href":"https:\/\/repaircafemainz.org\/index.php?rest_route=\/wp\/v2\/posts\/785","targetHints":{"allow":["GET"]}}],"collection":[{"href":"https:\/\/repaircafemainz.org\/index.php?rest_route=\/wp\/v2\/posts"}],"about":[{"href":"https:\/\/repaircafemainz.org\/index.php?rest_route=\/wp\/v2\/types\/post"}],"author":[{"embeddable":true,"href":"https:\/\/repaircafemainz.org\/index.php?rest_route=\/wp\/v2\/users\/2"}],"replies":[{"embeddable":true,"href":"https:\/\/repaircafemainz.org\/index.php?rest_route=%2Fwp%2Fv2%2Fcomments&post=785"}],"version-history":[{"count":1,"href":"https:\/\/repaircafemainz.org\/index.php?rest_route=\/wp\/v2\/posts\/785\/revisions"}],"predecessor-version":[{"id":787,"href":"https:\/\/repaircafemainz.org\/index.php?rest_route=\/wp\/v2\/posts\/785\/revisions\/787"}],"wp:featuredmedia":[{"embeddable":true,"href":"https:\/\/repaircafemainz.org\/index.php?rest_route=\/wp\/v2\/media\/786"}],"wp:attachment":[{"href":"https:\/\/repaircafemainz.org\/index.php?rest_route=%2Fwp%2Fv2%2Fmedia&parent=785"}],"wp:term":[{"taxonomy":"category","embeddable":true,"href":"https:\/\/repaircafemainz.org\/index.php?rest_route=%2Fwp%2Fv2%2Fcategories&post=785"},{"taxonomy":"post_tag","embeddable":true,"href":"https:\/\/repaircafemainz.org\/index.php?rest_route=%2Fwp%2Fv2%2Ftags&post=785"}],"curies":[{"name":"wp","href":"https:\/\/api.w.org\/{rel}","templated":true}]}}