{"id":738,"date":"2022-11-01T16:01:22","date_gmt":"2022-11-01T15:01:22","guid":{"rendered":"http:\/\/repaircafemainz.org\/?p=738"},"modified":"2023-01-20T12:07:59","modified_gmt":"2023-01-20T11:07:59","slug":"naechster-termin-am-25-november","status":"publish","type":"post","link":"https:\/\/repaircafemainz.org\/?p=738","title":{"rendered":"N\u00e4chster Termin am 25. November"},"content":{"rendered":"\n<p class=\"has-large-font-size\">Wir reparieren wieder:<br><strong>Und zwar am Freitag, dem 25. November, wie immer ab 18:00 Uhr in der Windm\u00fchlenschule in Mainz.<\/strong> <br>Dies wird der letzte Termin in diesem Jahr sein, bevor wir uns in die Weihnachtspause verabschieden und dann im neuen Jahr wieder f\u00fcr euch da sind.<\/p>\n\n\n\n<p class=\"has-large-font-size\"><br>Wie gewohnt bieten wir am letzten Freitag eines Monats Treffen in der Windm\u00fchlenschule an, bei denen gemeinsam von 18:00 Uhr bis 20:30 Uhr Reparaturen vorgenommen werden k\u00f6nnen. Leider k\u00f6nnen wir aktuell keinen Kleidertausch anbieten, da dieser momentan \u00fcberarbeitet wird.<\/p>\n\n\n\n<p class=\"has-large-font-size\">Eine Anmeldung zu unseren Reparaturterminen ist <strong>NICHT <\/strong>n\u00f6tig! Kommt gerne einfach vorbei.<\/p>\n\n\n\n<p class=\"has-large-font-size\">Wir freuen uns auf euch und das gemeinsame Reparieren!<\/p>\n","protected":false},"excerpt":{"rendered":"<p>N\u00e4chstes Repair Caf\u00e9 am<br \/>\n30. September 2022<\/p>\n","protected":false},"author":2,"featured_media":739,"comment_status":"closed","ping_status":"open","sticky":false,"template":"","format":"standard","meta":{"footnotes":""},"categories":[5,3],"tags":[],"class_list":["post-738","post","type-post","status-publish","format-standard","has-post-thumbnail","hentry","category-aktuelles","category-termine"],"_links":{"self":[{"href":"https:\/\/repaircafemainz.org\/index.php?rest_route=\/wp\/v2\/posts\/738","targetHints":{"allow":["GET"]}}],"collection":[{"href":"https:\/\/repaircafemainz.org\/index.php?rest_route=\/wp\/v2\/posts"}],"about":[{"href":"https:\/\/repaircafemainz.org\/index.php?rest_route=\/wp\/v2\/types\/post"}],"author":[{"embeddable":true,"href":"https:\/\/repaircafemainz.org\/index.php?rest_route=\/wp\/v2\/users\/2"}],"replies":[{"embeddable":true,"href":"https:\/\/repaircafemainz.org\/index.php?rest_route=%2Fwp%2Fv2%2Fcomments&post=738"}],"version-history":[{"count":1,"href":"https:\/\/repaircafemainz.org\/index.php?rest_route=\/wp\/v2\/posts\/738\/revisions"}],"predecessor-version":[{"id":740,"href":"https:\/\/repaircafemainz.org\/index.php?rest_route=\/wp\/v2\/posts\/738\/revisions\/740"}],"wp:featuredmedia":[{"embeddable":true,"href":"https:\/\/repaircafemainz.org\/index.php?rest_route=\/wp\/v2\/media\/739"}],"wp:attachment":[{"href":"https:\/\/repaircafemainz.org\/index.php?rest_route=%2Fwp%2Fv2%2Fmedia&parent=738"}],"wp:term":[{"taxonomy":"category","embeddable":true,"href":"https:\/\/repaircafemainz.org\/index.php?rest_route=%2Fwp%2Fv2%2Fcategories&post=738"},{"taxonomy":"post_tag","embeddable":true,"href":"https:\/\/repaircafemainz.org\/index.php?rest_route=%2Fwp%2Fv2%2Ftags&post=738"}],"curies":[{"name":"wp","href":"https:\/\/api.w.org\/{rel}","templated":true}]}}