{"id":1268,"date":"2025-10-27T13:34:59","date_gmt":"2025-10-27T12:34:59","guid":{"rendered":"http:\/\/repaircafemainz.org\/?p=1268"},"modified":"2025-10-31T18:37:33","modified_gmt":"2025-10-31T17:37:33","slug":"naechster-termin-am-24-oktober-2025-2","status":"publish","type":"post","link":"https:\/\/repaircafemainz.org\/?p=1268","title":{"rendered":"N\u00e4chster Termin am 24. Oktober 2025"},"content":{"rendered":"\n<p class=\"has-large-font-size\"><\/p>\n\n\n\n<p class=\"has-large-font-size\"><strong>UPDATE: F\u00fcr ein Upcycling-Projekt suchen wir aktuell sch\u00f6ne Krawatten, die vielleicht noch ungenutzt im Schrank h\u00e4ngen! Abzugeben bei uns beim Reparaturtermin \ud83d\ude42<\/strong><\/p>\n\n\n\n<p>***<\/p>\n\n\n\n<p class=\"has-large-font-size\">Wir reparieren wieder:<br><strong>Und zwar am Freitag, dem 24. Oktober, wie immer ab 18:00 Uhr in der Windm\u00fchlenschule in Mainz.<\/strong><\/p>\n\n\n\n<p class=\"has-large-font-size\">Adresse: Generaloberst-Beck-Stra\u00dfe 1, 55129 Mainz<\/p>\n\n\n\n<p class=\"has-large-font-size\">Eine Anmeldung zu unseren Reparaturterminen ist <strong>NICHT <\/strong>n\u00f6tig! Kommt gerne einfach vorbei.<\/p>\n\n\n\n<p class=\"has-large-font-size\">Bitte beachtet, dass pro Reparaturtermin nur ein Gegenstand pro Besucher repariert werden kann! <\/p>\n\n\n\n<p class=\"has-large-font-size\"><strong><mark style=\"background-color:rgba(0, 0, 0, 0)\" class=\"has-inline-color has-primary-color\">Au\u00dferdem gibt es ein paar Dinge, die von einer Reparatur ausgeschlossen sind:<br>\u2013 Gro\u00dfger\u00e4te wie Backofen oder Sp\u00fclmaschine<br>\u2013 CD- und DVD Player<br>\u2013 Kaffeevollautomaten<br>\u2013 Fernseher<br>\u2013 Mikrowellen<\/mark><\/strong><\/p>\n\n\n\n<p class=\"has-large-font-size\">Werft gerne auch einen Blick in unsere &#8222;<a href=\"http:\/\/repaircafemainz.org\/?page_id=743\">H\u00e4ufig gestellten Fragen<\/a>&#8220; &#8211; da findet ihr viele weitere Antworten.<\/p>\n\n\n\n<p class=\"has-large-font-size\">Wir freuen uns auf euch und das gemeinsame Reparieren!<\/p>\n\n\n\n<p><\/p>\n\n\n\n<p class=\"has-normal-font-size\"><\/p>\n","protected":false},"excerpt":{"rendered":"<p>N\u00e4chstes Repair Caf\u00e9 am<br \/>\n24. Oktober<\/p>\n","protected":false},"author":2,"featured_media":1223,"comment_status":"closed","ping_status":"open","sticky":false,"template":"","format":"standard","meta":{"footnotes":""},"categories":[5,3],"tags":[],"class_list":["post-1268","post","type-post","status-publish","format-standard","has-post-thumbnail","hentry","category-aktuelles","category-termine"],"_links":{"self":[{"href":"https:\/\/repaircafemainz.org\/index.php?rest_route=\/wp\/v2\/posts\/1268","targetHints":{"allow":["GET"]}}],"collection":[{"href":"https:\/\/repaircafemainz.org\/index.php?rest_route=\/wp\/v2\/posts"}],"about":[{"href":"https:\/\/repaircafemainz.org\/index.php?rest_route=\/wp\/v2\/types\/post"}],"author":[{"embeddable":true,"href":"https:\/\/repaircafemainz.org\/index.php?rest_route=\/wp\/v2\/users\/2"}],"replies":[{"embeddable":true,"href":"https:\/\/repaircafemainz.org\/index.php?rest_route=%2Fwp%2Fv2%2Fcomments&post=1268"}],"version-history":[{"count":4,"href":"https:\/\/repaircafemainz.org\/index.php?rest_route=\/wp\/v2\/posts\/1268\/revisions"}],"predecessor-version":[{"id":1308,"href":"https:\/\/repaircafemainz.org\/index.php?rest_route=\/wp\/v2\/posts\/1268\/revisions\/1308"}],"wp:featuredmedia":[{"embeddable":true,"href":"https:\/\/repaircafemainz.org\/index.php?rest_route=\/wp\/v2\/media\/1223"}],"wp:attachment":[{"href":"https:\/\/repaircafemainz.org\/index.php?rest_route=%2Fwp%2Fv2%2Fmedia&parent=1268"}],"wp:term":[{"taxonomy":"category","embeddable":true,"href":"https:\/\/repaircafemainz.org\/index.php?rest_route=%2Fwp%2Fv2%2Fcategories&post=1268"},{"taxonomy":"post_tag","embeddable":true,"href":"https:\/\/repaircafemainz.org\/index.php?rest_route=%2Fwp%2Fv2%2Ftags&post=1268"}],"curies":[{"name":"wp","href":"https:\/\/api.w.org\/{rel}","templated":true}]}}