{"id":1098,"date":"2025-08-18T15:02:17","date_gmt":"2025-08-18T13:02:17","guid":{"rendered":"http:\/\/repaircafemainz.org\/?p=1098"},"modified":"2025-08-18T15:03:34","modified_gmt":"2025-08-18T13:03:34","slug":"repair-cafe-mainz-beim-stadtgefuehle-zukunftsfest-2025","status":"publish","type":"post","link":"https:\/\/repaircafemainz.org\/?p=1098","title":{"rendered":"Repair Caf\u00e9 Mainz beim Stadtgef\u00fchle Zukunftsfest 2025"},"content":{"rendered":"\n<p class=\"has-large-font-size\"><\/p>\n\n\n\n<p class=\"has-large-font-size\">Dieses Jahr sind wir bei Stadtgef\u00fchle-Festival dabei &#8211; hurra!<\/p>\n\n\n\n<p class=\"has-large-font-size\">Am Wochenende vom 22. bis 24. August findet am Mainzer Rheinufer zum zweiten Mal ein Festival statt, um eine klimagerechte und zukunftsf\u00e4hige Stadt Mainz gemeinsam nicht nur zu imaginieren, sondern auch erlebbar zu machen. <\/p>\n\n\n\n<p class=\"has-large-font-size\">Dem dreit\u00e4gigen bunten Programm aus Musik-, Kultur- und Bildungsangeboten, Kinderprogramm, Sport und Mitmach-M\u00f6glichkeiten haben wir uns dieses Jahr angeschlossen. Dabei bieten wir euch nicht nur allgemeine Infos zu unserer Initiative, sondern <strong>ihr k\u00f6nnt auch Kleinigkeiten zur Reparatur vorbeibringen<\/strong> &#8211; mit einem kleinen Team versuchen wir, live und vor Ort eure Gegenst\u00e4nde zu reparieren.<\/p>\n\n\n\n<p class=\"has-large-font-size\">Eine Anmeldung ist <strong>NICHT <\/strong>n\u00f6tig! Kommt gerne einfach vorbei.<\/p>\n\n\n\n<p class=\"has-large-font-size\"><strong>Wie immer <mark style=\"background-color:rgba(0, 0, 0, 0)\" class=\"has-inline-color has-primary-color\">gibt es ein paar Dinge, die von einer Reparatur ausgeschlossen sind:<br>\u2013 Gro\u00dfger\u00e4te wie Backofen oder Sp\u00fclmaschine<br>\u2013 CD- und DVD Player<br>\u2013 Kaffeevollautomaten<br>\u2013 Fernseher<br>\u2013 Mikrowellen<\/mark><\/strong><\/p>\n\n\n\n<p class=\"has-large-font-size\">Werft gerne auch einen Blick in unsere &#8222;<a href=\"http:\/\/repaircafemainz.org\/?page_id=743\">H\u00e4ufig gestellten Fragen<\/a>&#8220; &#8211; da findet ihr viele weitere Antworten.<\/p>\n\n\n\n<p class=\"has-large-font-size\">Wir freuen uns auf euch und das gemeinsame Reparieren!<\/p>\n\n\n\n<p><\/p>\n\n\n\n<p class=\"has-normal-font-size\"><\/p>\n","protected":false},"excerpt":{"rendered":"<p>Sehen wir uns beim Zukunftsfestival?<\/p>\n","protected":false},"author":2,"featured_media":1100,"comment_status":"closed","ping_status":"open","sticky":false,"template":"","format":"standard","meta":{"footnotes":""},"categories":[5,3],"tags":[],"class_list":["post-1098","post","type-post","status-publish","format-standard","has-post-thumbnail","hentry","category-aktuelles","category-termine"],"_links":{"self":[{"href":"https:\/\/repaircafemainz.org\/index.php?rest_route=\/wp\/v2\/posts\/1098","targetHints":{"allow":["GET"]}}],"collection":[{"href":"https:\/\/repaircafemainz.org\/index.php?rest_route=\/wp\/v2\/posts"}],"about":[{"href":"https:\/\/repaircafemainz.org\/index.php?rest_route=\/wp\/v2\/types\/post"}],"author":[{"embeddable":true,"href":"https:\/\/repaircafemainz.org\/index.php?rest_route=\/wp\/v2\/users\/2"}],"replies":[{"embeddable":true,"href":"https:\/\/repaircafemainz.org\/index.php?rest_route=%2Fwp%2Fv2%2Fcomments&post=1098"}],"version-history":[{"count":2,"href":"https:\/\/repaircafemainz.org\/index.php?rest_route=\/wp\/v2\/posts\/1098\/revisions"}],"predecessor-version":[{"id":1102,"href":"https:\/\/repaircafemainz.org\/index.php?rest_route=\/wp\/v2\/posts\/1098\/revisions\/1102"}],"wp:featuredmedia":[{"embeddable":true,"href":"https:\/\/repaircafemainz.org\/index.php?rest_route=\/wp\/v2\/media\/1100"}],"wp:attachment":[{"href":"https:\/\/repaircafemainz.org\/index.php?rest_route=%2Fwp%2Fv2%2Fmedia&parent=1098"}],"wp:term":[{"taxonomy":"category","embeddable":true,"href":"https:\/\/repaircafemainz.org\/index.php?rest_route=%2Fwp%2Fv2%2Fcategories&post=1098"},{"taxonomy":"post_tag","embeddable":true,"href":"https:\/\/repaircafemainz.org\/index.php?rest_route=%2Fwp%2Fv2%2Ftags&post=1098"}],"curies":[{"name":"wp","href":"https:\/\/api.w.org\/{rel}","templated":true}]}}